{"id":8853,"date":"2026-07-19T22:02:26","date_gmt":"2026-07-19T20:02:26","guid":{"rendered":"https:\/\/firenzegioca.it\/progioco\/?p=8853"},"modified":"2026-07-19T22:02:26","modified_gmt":"2026-07-19T20:02:26","slug":"verso-una-legge-regionale-sul-diritto-al-gioco","status":"publish","type":"post","link":"https:\/\/firenzegioca.it\/progioco\/2026\/07\/19\/verso-una-legge-regionale-sul-diritto-al-gioco\/","title":{"rendered":"Verso una legge regionale sul diritto al gioco"},"content":{"rendered":"\n<h2 class=\"wp-block-heading\">Tavola rotonda promossa da Federludo<\/h2>\n\n\n\n<p class=\"wp-block-paragraph\">Nell\u2019ambito di FirenzeGioca 2026,<s> <\/s>Federludo promuove un primo <strong>momento pubblico di<\/strong> <strong>confronto sul riconoscimento del diritto al gioco e sulla possibilit\u00e0 di avviare un percorso verso una legge regionale dedicata<\/strong>.<\/p>\n\n\n\n<!--more-->\n\n\n\n<p class=\"wp-block-paragraph\">L\u2019incontro nasce dal lavoro preparatorio condotto da Federludo,&nbsp;in collaborazione con le principali associazioni ludiche italiane,&nbsp;per la redazione del <strong>Manifesto per il Diritto al Gioco<\/strong>, documento di settore in Italia pensato per la prima volta come accompagnamento culturale e politico a una <strong>proposta normativa regionale<\/strong>. Il Manifesto riconosce il gioco come pratica culturale, educativa, sociale, inclusiva e comunitaria, distinguendolo in modo netto dall\u2019azzardo.<\/p>\n\n\n\n<p class=\"wp-block-paragraph\">La tavola rotonda sar\u00e0 aperta a esperti del settore ludico, associazioni, cittadini, amministratori e realt\u00e0 territoriali interessate a confrontarsi sui contenuti, sulle finalit\u00e0 e sulle possibili ricadute di una legge regionale capace di riconoscere e promuovere il gioco come bene pubblico, strumento di partecipazione e diritto da garantire lungo tutto l\u2019arco della vita.<\/p>\n\n\n\n<p class=\"wp-block-paragraph\">Introduce il prof Giovanni Bacaro, presidente di <a href=\"https:\/\/firenzegioca.it\/progioco\/associazione\/federludo\/\" data-type=\"associazione\" data-id=\"2246\">Federludo<\/a>, con la presentazione del Manifesto per il Diritto al Gioco e del percorso fin qui svolto.\u00a0<\/p>\n\n\n\n<p class=\"wp-block-paragraph\">Per registrarsi e partecipare scrivere a <a href=\"mailto:presidenza@federludo.it\">presidenza@federludo.it<\/a><\/p>\n\n\n\n<p class=\"wp-block-paragraph\"><strong>Venerd\u00ec 31 luglio 2026, ore 19:00<\/strong><br>FirenzeGioca @ Lumen, Firenze<\/p>\n","protected":false},"excerpt":{"rendered":"<p>Tavola rotonda promossa da Federludo Nell\u2019ambito di FirenzeGioca 2026, Federludo promuove un primo momento pubblico di confronto sul riconoscimento del diritto al gioco e sulla possibilit\u00e0 di avviare un percorso verso una legge regionale dedicata.<\/p>\n","protected":false},"author":2,"featured_media":8854,"comment_status":"closed","ping_status":"closed","sticky":false,"template":"","format":"standard","meta":{"footnotes":""},"categories":[5,84],"tags":[118],"class_list":["post-8853","post","type-post","status-publish","format-standard","has-post-thumbnail","hentry","category-firenzegioca","category-news","tag-118"],"_links":{"self":[{"href":"https:\/\/firenzegioca.it\/progioco\/wp-json\/wp\/v2\/posts\/8853","targetHints":{"allow":["GET"]}}],"collection":[{"href":"https:\/\/firenzegioca.it\/progioco\/wp-json\/wp\/v2\/posts"}],"about":[{"href":"https:\/\/firenzegioca.it\/progioco\/wp-json\/wp\/v2\/types\/post"}],"author":[{"embeddable":true,"href":"https:\/\/firenzegioca.it\/progioco\/wp-json\/wp\/v2\/users\/2"}],"replies":[{"embeddable":true,"href":"https:\/\/firenzegioca.it\/progioco\/wp-json\/wp\/v2\/comments?post=8853"}],"version-history":[{"count":1,"href":"https:\/\/firenzegioca.it\/progioco\/wp-json\/wp\/v2\/posts\/8853\/revisions"}],"predecessor-version":[{"id":8855,"href":"https:\/\/firenzegioca.it\/progioco\/wp-json\/wp\/v2\/posts\/8853\/revisions\/8855"}],"wp:featuredmedia":[{"embeddable":true,"href":"https:\/\/firenzegioca.it\/progioco\/wp-json\/wp\/v2\/media\/8854"}],"wp:attachment":[{"href":"https:\/\/firenzegioca.it\/progioco\/wp-json\/wp\/v2\/media?parent=8853"}],"wp:term":[{"taxonomy":"category","embeddable":true,"href":"https:\/\/firenzegioca.it\/progioco\/wp-json\/wp\/v2\/categories?post=8853"},{"taxonomy":"post_tag","embeddable":true,"href":"https:\/\/firenzegioca.it\/progioco\/wp-json\/wp\/v2\/tags?post=8853"}],"curies":[{"name":"wp","href":"https:\/\/api.w.org\/{rel}","templated":true}]}}